{"id":41973,"date":"2012-04-16T00:00:00","date_gmt":"2012-04-16T04:00:00","guid":{"rendered":"https:\/\/groupeagf.com\/fr\/le-reseau\/non-classifiee\/19-ans-dimplantation-au-gros-morne"},"modified":"2024-05-07T15:19:45","modified_gmt":"2024-05-07T19:19:45","slug":"19-ans-dimplantation-au-gros-morne","status":"publish","type":"post","link":"https:\/\/groupeagf.com\/fr\/le-reseau\/interet-general\/19-ans-dimplantation-au-gros-morne","title":{"rendered":"19 ans d&rsquo;implantation au Gros-Morne"},"content":{"rendered":"<div>\n<p><em>Un article sugg\u00e9r\u00e9 par Andr\u00e9 O. Morin<br \/>\nVice-pr\u00e9sident conseil, Groupe AGF<\/em><\/p>\n<p>&nbsp;<\/p>\n<p><em>Le magazine de l\u2019industrie martiniquaise<br \/>\nJanvier-F\u00e9vrier 2012<\/em><\/p>\n<p>&nbsp;<\/p>\n<p>Dans la commune du Gros-Morne, au quartier Dessaint Petite L\u00e9zarde, se situe l\u2019entreprise de fabrication d\u2019armatures b\u00e9ton de L\u00e9on Pi\u00e9jos, tout nouvel adh\u00e9rent de l\u2019AMPI. Il nous pr\u00e9sente sa structure.<\/p>\n<p>&nbsp;<\/p>\n<p><strong>19 ans d&rsquo;implantation au Gros-Morne &#8230;<\/strong><br \/>\nEn armatures m\u00e9talliques, L\u00e9on Piejos s&rsquo;y conna\u00eet! Fort de 30 ans de m\u00e9tier, il a d\u00e9but\u00e9 en 1981 \u00e0 ldeca. Apr\u00e8s un licenciement dans les ann\u00e9es 90, il d\u00e9cide de monter sa propre structure. C&rsquo;est \u00e0 la force du poignet, avec beaucoup de courage, de pugnacit\u00e9 en travaillant nuit et jour, aid\u00e9 par ses enfants et son fr\u00e8re Philippe Piejos, qu&rsquo;il monte Idea, entreprise implant\u00e9e au Gros-Morne depuis maintenant 19 ans.<\/p>\n<p>&nbsp;<\/p>\n<p>L&rsquo;entreprise est sp\u00e9cialis\u00e9e en ferraillages pour la construction des maisons. Elle travaille en partenariat avec les BET (Bureaux d&rsquo;\u00c9tudes Techniques), les artisans, les particuliers, les collectivit\u00e9s, les quincailleries et r\u00e9alise tout pour la construction, des murs de sout\u00e8nement en passant par les fondations jusqu&rsquo;aux couvertures.<\/p>\n<p>&nbsp;<\/p>\n<p>\u00ab Nous avons fait un gros investissement en machines, nous nous sommes lourdement endett\u00e9s pour \u00eatre performants sur le march\u00e9 \u00bb, nous livre L\u00e9on Piejos conscient de l&rsquo;enjeu que constitue la performance dans un milieu concurrentiel.<\/p>\n<p>&nbsp;<\/p>\n<p>Il existe une dizaine d&rsquo;entreprises qui \u00e9voluent dans ce secteur sur l&rsquo;ensemble du territoire et avec ses 23 salari\u00e9s, sans compter les sous-traitants, Idea a su tirer son \u00e9pingle du jeu gr\u00e2ce \u00e0 la qualit\u00e9 et \u00e0 l&rsquo;efficacit\u00e9 de son travail reconnu et appr\u00e9ci\u00e9 de ses clients : respect des d\u00e9lais, s\u00e9rieux et savoir-faire font aujourd&rsquo;hui sa renomm\u00e9e.<\/p>\n<p>&nbsp;<\/p>\n<p><strong>ldea, entreprise \u00e0 vocation sociale &#8230;<\/strong><br \/>\nDe par sa forte implication dans la vie associative du Gros-Morne, L\u00e9on Piejos b\u00e9n\u00e9ficie de beaucoup de contacts avec les jeunes et, dans un souci d&rsquo;insertion, il a eu \u00e0 c\u0153ur d&#8217;embaucher plusieurs de ces jeunes dans sa structure afin de les ins\u00e9rer de mani\u00e8re p\u00e9renne dans le monde du travail et qu&rsquo;ils puissent ainsi avoir des perspectives d&rsquo;avenir durables.<\/p>\n<p>&nbsp;<\/p>\n<p>ldea se compose de 3 p\u00f4les :<\/p>\n<p>&#8211; un service technique, compos\u00e9 de trois personnes, qui traitent vos commandes et \u00ab d\u00e9cortiquent \u00bb vos plans afin de vous proposer un ferraillage de qualit\u00e9 sur mesure adapt\u00e9 \u00e0 vos besoins. Ils planifient et organisent vos livraisons afin de vous satisfaire au mieux;<br \/>\n&#8211; un atelier, compos\u00e9 de fa\u00e7onneurs machinistes, de soudeurs par point qualifi\u00e9s et de man\u0153uvres;<br \/>\n-un service administratif et comptable.<\/p>\n<p>&nbsp;<\/p>\n<p><strong>ldea, enjeux et perspectives<\/strong><br \/>\n\u00ab Les effets de la gr\u00e8ve de 2009 ne se sont pas fait ressentir tout de suite, mais environ 6 mois apr\u00e8s, et m\u00eame aujourd&rsquo;hui encore, nous subissons ses cons\u00e9quences. Cependant, gr\u00e2ce \u00e0 la qualit\u00e9 de notre travail et notre accueil dans les bureaux ainsi qu&rsquo;un personnel s\u00e9rieux et pr\u00e9sent \u00e0 l&rsquo;atelier, la fid\u00e9lit\u00e9 de notre client\u00e8le nous permet de tenir le cap \u00bb,&nbsp; nous raconte L\u00e9on Piejos.<\/p>\n<p>&nbsp;<\/p>\n<p>Idea se fournit aupr\u00e8s de fournisseurs locaux ainsi qu&rsquo;en France et l&rsquo;ensemble de la mati\u00e8re premi\u00e8re utilis\u00e9e est garantie par les Normes Europ\u00e9ennes.<\/p>\n<p>&nbsp;<\/p>\n<p>Aujourd&rsquo;hui, l&rsquo;entreprise prend de l&rsquo;essor et se retrouve un peu \u00e0 l&rsquo;\u00e9troit. L\u00e9on Piejos envisage donc, dans les meilleurs d\u00e9lais, de d\u00e9m\u00e9nager afin d&rsquo;accueillir ses clients dans des conditions optimales.<\/p>\n<p>&nbsp;<\/p>\n<p>Manager en permanence \u00e0 l&rsquo;\u00e9coute, L\u00e9on Piejos tient \u00e0 toujours r\u00e9gler rapidement les probl\u00e8mes qui pourraient survenir, et pour conclure, il nous confie : \u00ab Je consid\u00e8re cette soci\u00e9t\u00e9 comme une vraie famille !!! \u00bb. Toute l&rsquo;\u00e9quipe d&rsquo;ldea Sarl tient \u00e0 remercier les artisans et tous ceux qui leur font confiance depuis pr\u00e8s de 20 ans.<\/p>\n<\/div>\n","protected":false},"excerpt":{"rendered":"<p>Un article sugg\u00e9r\u00e9 par Andr\u00e9 O. Morin Vice-pr\u00e9sident conseil, Groupe AGF &nbsp; Le magazine de [&hellip;]<\/p>\n","protected":false},"author":0,"featured_media":0,"comment_status":"open","ping_status":"open","sticky":false,"template":"","format":"standard","meta":{"_acf_changed":false,"footnotes":""},"categories":[216,222],"tags":[],"class_list":["post-41973","post","type-post","status-publish","format-standard","hentry","category-interet-general","category-international"],"acf":[],"_links":{"self":[{"href":"https:\/\/groupeagf.com\/fr\/wp-json\/wp\/v2\/posts\/41973","targetHints":{"allow":["GET"]}}],"collection":[{"href":"https:\/\/groupeagf.com\/fr\/wp-json\/wp\/v2\/posts"}],"about":[{"href":"https:\/\/groupeagf.com\/fr\/wp-json\/wp\/v2\/types\/post"}],"replies":[{"embeddable":true,"href":"https:\/\/groupeagf.com\/fr\/wp-json\/wp\/v2\/comments?post=41973"}],"version-history":[{"count":1,"href":"https:\/\/groupeagf.com\/fr\/wp-json\/wp\/v2\/posts\/41973\/revisions"}],"predecessor-version":[{"id":49670,"href":"https:\/\/groupeagf.com\/fr\/wp-json\/wp\/v2\/posts\/41973\/revisions\/49670"}],"wp:attachment":[{"href":"https:\/\/groupeagf.com\/fr\/wp-json\/wp\/v2\/media?parent=41973"}],"wp:term":[{"taxonomy":"category","embeddable":true,"href":"https:\/\/groupeagf.com\/fr\/wp-json\/wp\/v2\/categories?post=41973"},{"taxonomy":"post_tag","embeddable":true,"href":"https:\/\/groupeagf.com\/fr\/wp-json\/wp\/v2\/tags?post=41973"}],"curies":[{"name":"wp","href":"https:\/\/api.w.org\/{rel}","templated":true}]}}